{"id":14525,"date":"2015-05-11T03:45:29","date_gmt":"2015-05-11T02:45:29","guid":{"rendered":"http:\/\/www.da-ath.nl\/?p=14525"},"modified":"2015-05-11T07:15:21","modified_gmt":"2015-05-11T06:15:21","slug":"woord-vandaag-1837","status":"publish","type":"post","link":"https:\/\/da-ath.nl\/?p=14525","title":{"rendered":"Woord vandaag"},"content":{"rendered":"<p><strong><span style=\"color: #008000;\">\u2018Zeg, wat gisteren naar voren kwam, ik kon er bijna niet van slapen.\u2019<\/span><br \/>\n<\/strong><strong><br \/>\n<span style=\"color: #000080;\">Het is zoveel geweldiger en heerlijker dan wat nogal eens wordt gezegd<\/span><br \/>\n<span style=\"color: #000080;\"> naar aanleiding van Efezi\u00ebrs 2:11-22. Zou het zo zijn, dat de gelovigen uit <\/span><br \/>\n<span style=\"color: #000080;\"> de nati\u00ebn een plaats op aarde onder het nieuwe verbond zouden hebben, <\/span><br \/>\n<span style=\"color: #000080;\"> dan zouden zij tegen een stenen gebouw aankijken in de komende 1000 <\/span><br \/>\n<span style=\"color: #000080;\"> jaar, waar een priesterdienst wordt uitgevoerd en waar de nati\u00ebn<\/span><span style=\"color: #000080;\">\u00a0geen<br \/>\nrechtstreekse toegang tot Vader hebben. Alleen via priesters van Isra\u00ebl.<\/span><\/strong><\/p>\n<p><strong><span style=\"color: #008000;\">\u2018Dat is dan heel wat minder dan we gisteren zagen.\u2019<\/span><\/strong><\/p>\n<p><strong><span style=\"color: #000080;\">Zeker, want Efezi\u00ebrs 2 zegt, dat al de gelovigen samen zelf een woonplaats<\/span><br \/>\n<span style=\"color: #000080;\"> van God in de geest zijn. Dan zijn zij zelf <em>een heilige tempel in de Heer<\/em> en <\/span><br \/>\n<span style=\"color: #000080;\"> zijn zij geestelijk al veel verder dan dat zij van een afstand kijken naar een<\/span><br \/>\n<span style=\"color: #000080;\"> stenen gebouw in de 1000 jaar. Zij maken al deel uit van de nieuwe schep-<\/span><br \/>\n<span style=\"color: #000080;\"> ping, ja van de nieuwe mensheid. En die laatste is pas compleet wanneer<\/span><br \/>\n<span style=\"color: #000080;\"> de tweede dood opgeheven is. Dan ben je ver voorbij de situatie onder het<\/span><br \/>\n<span style=\"color: #000080;\"> nieuwe verbond in de 1000 jaar op aarde.<\/span><\/strong><\/p>\n<p><strong><span style=\"color: #008000;\">\u2018De verschillen zijn groot.\u2019<\/span><\/strong><\/p>\n<p><span style=\"color: #000080;\"><strong>Efezi\u00ebrs is de top van Gods onthullingen aan de mensheid. Daar komt al het<br \/>\nvoorafgaande van Gods woorden samen. In Jeremia en Ezechi\u00ebl en Jesaja<br \/>\nwerd allang over het nieuwe verbond gesproken, het huis van Isra\u00ebl en het<br \/>\nhuis van Juda worden daarin \u00e9\u00e9n. Dit heeft alles met Isra\u00ebl te\u00a0<\/strong><\/span><strong><span style=\"color: #000080;\">maken.<br \/>\nDe nati\u00ebn blijven daarin ondergeschikt, \u00f3\u00f3k op de nieuwe aarde.<br \/>\n<\/span><\/strong><strong><span style=\"color: #000080;\">Zij leven dan (nog steeds) onder het koningschap van Isra\u00ebl.<\/span><\/strong><\/p>\n<p><strong><span style=\"color: #008000;\">\u2018Dat ziet er wezenlijk anders uit dan wat Efezi\u00ebrs zegt.\u2019<\/span><\/strong><\/p>\n<p><strong><span style=\"color: #000080;\">Efezi\u00ebrs 2:11-22 gaat over de nieuwe mensheid. Daarin bestaat geen onder-<br \/>\nscheid <\/span><\/strong><strong><span style=\"color: #000080;\">meer tussen Isra\u00ebl en de volkeren. Die zal compleet zijn n\u00e1 opheffing<br \/>\nvan <\/span><\/strong><strong><span style=\"color: #000080;\">de tweede dood. Dan zijn alle mensen onsterfelijk geworden en dan<br \/>\nwordt <\/span><\/strong><strong><span style=\"color: #000080;\">heel de nieuwe schepping de tempel van God, Hij zal door Zijn geest<br \/>\ndan <\/span><span style=\"color: #000080;\"><em>alles in allen <\/em>zijn. Dan is het regeren van Isra\u00ebl afgelopen. Het koning-<br \/>\nschap<\/span><\/strong><span>\u00a0<\/span><strong><span style=\"color: #000080;\">van Christus is voorbij. Allen zijn dan \u00e9\u00e9n, samen met Christus Jezus!\u00a0<\/span><\/strong><\/p>\n","protected":false},"excerpt":{"rendered":"<p>\u2018Zeg, wat gisteren naar voren kwam, ik kon er bijna niet van slapen.\u2019 Het is zoveel geweldiger en heerlijker dan wat nogal eens wordt gezegd naar aanleiding van Efezi\u00ebrs 2:11-22. Zou het zo zijn, dat de gelovigen uit de nati\u00ebn een plaats op aarde onder het nieuwe verbond zouden hebben, dan zouden zij tegen een [&hellip;]<\/p>\n","protected":false},"author":1,"featured_media":0,"comment_status":"closed","ping_status":"closed","sticky":false,"template":"","format":"standard","meta":{"footnotes":""},"categories":[1,9],"tags":[],"class_list":["post-14525","post","type-post","status-publish","format-standard","hentry","category-alles","category-woord-vandaag"],"yoast_head":"<!-- This site is optimized with the Yoast SEO plugin v26.3 - https:\/\/yoast.com\/wordpress\/plugins\/seo\/ -->\n<title>Woord vandaag - Opdat wij weten, wat God ons in genade schenkt!<\/title>\n<meta name=\"robots\" content=\"index, follow, max-snippet:-1, max-image-preview:large, max-video-preview:-1\" \/>\n<link rel=\"canonical\" href=\"https:\/\/da-ath.nl\/?p=14525\" \/>\n<meta property=\"og:locale\" content=\"nl_NL\" \/>\n<meta property=\"og:type\" content=\"article\" \/>\n<meta property=\"og:title\" content=\"Woord vandaag - Opdat wij weten, wat God ons in genade schenkt!\" \/>\n<meta property=\"og:description\" content=\"\u2018Zeg, wat gisteren naar voren kwam, ik kon er bijna niet van slapen.\u2019 Het is zoveel geweldiger en heerlijker dan wat nogal eens wordt gezegd naar aanleiding van Efezi\u00ebrs 2:11-22. Zou het zo zijn, dat de gelovigen uit de nati\u00ebn een plaats op aarde onder het nieuwe verbond zouden hebben, dan zouden zij tegen een [&hellip;]\" \/>\n<meta property=\"og:url\" content=\"https:\/\/da-ath.nl\/?p=14525\" \/>\n<meta property=\"og:site_name\" content=\"Opdat wij weten, wat God ons in genade schenkt!\" \/>\n<meta property=\"article:published_time\" content=\"2015-05-11T02:45:29+00:00\" \/>\n<meta property=\"article:modified_time\" content=\"2015-05-11T06:15:21+00:00\" \/>\n<meta name=\"author\" content=\"admin\" \/>\n<meta name=\"twitter:card\" content=\"summary_large_image\" \/>\n<meta name=\"twitter:label1\" content=\"Geschreven door\" \/>\n\t<meta name=\"twitter:data1\" content=\"admin\" \/>\n\t<meta name=\"twitter:label2\" content=\"Geschatte leestijd\" \/>\n\t<meta name=\"twitter:data2\" content=\"2 minuten\" \/>\n<script type=\"application\/ld+json\" class=\"yoast-schema-graph\">{\"@context\":\"https:\/\/schema.org\",\"@graph\":[{\"@type\":\"WebPage\",\"@id\":\"https:\/\/da-ath.nl\/?p=14525\",\"url\":\"https:\/\/da-ath.nl\/?p=14525\",\"name\":\"Woord vandaag - Opdat wij weten, wat God ons in genade schenkt!\",\"isPartOf\":{\"@id\":\"https:\/\/da-ath.nl\/#website\"},\"datePublished\":\"2015-05-11T02:45:29+00:00\",\"dateModified\":\"2015-05-11T06:15:21+00:00\",\"author\":{\"@id\":\"https:\/\/da-ath.nl\/#\/schema\/person\/246d9b579fdb0273bbadaa588895e447\"},\"breadcrumb\":{\"@id\":\"https:\/\/da-ath.nl\/?p=14525#breadcrumb\"},\"inLanguage\":\"nl-NL\",\"potentialAction\":[{\"@type\":\"ReadAction\",\"target\":[\"https:\/\/da-ath.nl\/?p=14525\"]}]},{\"@type\":\"BreadcrumbList\",\"@id\":\"https:\/\/da-ath.nl\/?p=14525#breadcrumb\",\"itemListElement\":[{\"@type\":\"ListItem\",\"position\":1,\"name\":\"Home\",\"item\":\"https:\/\/da-ath.nl\/\"},{\"@type\":\"ListItem\",\"position\":2,\"name\":\"Woord vandaag\"}]},{\"@type\":\"WebSite\",\"@id\":\"https:\/\/da-ath.nl\/#website\",\"url\":\"https:\/\/da-ath.nl\/\",\"name\":\"Opdat wij weten, wat God ons in genade schenkt!\",\"description\":\"Gods woord is leven\",\"potentialAction\":[{\"@type\":\"SearchAction\",\"target\":{\"@type\":\"EntryPoint\",\"urlTemplate\":\"https:\/\/da-ath.nl\/?s={search_term_string}\"},\"query-input\":{\"@type\":\"PropertyValueSpecification\",\"valueRequired\":true,\"valueName\":\"search_term_string\"}}],\"inLanguage\":\"nl-NL\"},{\"@type\":\"Person\",\"@id\":\"https:\/\/da-ath.nl\/#\/schema\/person\/246d9b579fdb0273bbadaa588895e447\",\"name\":\"admin\",\"url\":\"https:\/\/da-ath.nl\/?author=1\"}]}<\/script>\n<!-- \/ Yoast SEO plugin. -->","yoast_head_json":{"title":"Woord vandaag - Opdat wij weten, wat God ons in genade schenkt!","robots":{"index":"index","follow":"follow","max-snippet":"max-snippet:-1","max-image-preview":"max-image-preview:large","max-video-preview":"max-video-preview:-1"},"canonical":"https:\/\/da-ath.nl\/?p=14525","og_locale":"nl_NL","og_type":"article","og_title":"Woord vandaag - Opdat wij weten, wat God ons in genade schenkt!","og_description":"\u2018Zeg, wat gisteren naar voren kwam, ik kon er bijna niet van slapen.\u2019 Het is zoveel geweldiger en heerlijker dan wat nogal eens wordt gezegd naar aanleiding van Efezi\u00ebrs 2:11-22. Zou het zo zijn, dat de gelovigen uit de nati\u00ebn een plaats op aarde onder het nieuwe verbond zouden hebben, dan zouden zij tegen een [&hellip;]","og_url":"https:\/\/da-ath.nl\/?p=14525","og_site_name":"Opdat wij weten, wat God ons in genade schenkt!","article_published_time":"2015-05-11T02:45:29+00:00","article_modified_time":"2015-05-11T06:15:21+00:00","author":"admin","twitter_card":"summary_large_image","twitter_misc":{"Geschreven door":"admin","Geschatte leestijd":"2 minuten"},"schema":{"@context":"https:\/\/schema.org","@graph":[{"@type":"WebPage","@id":"https:\/\/da-ath.nl\/?p=14525","url":"https:\/\/da-ath.nl\/?p=14525","name":"Woord vandaag - Opdat wij weten, wat God ons in genade schenkt!","isPartOf":{"@id":"https:\/\/da-ath.nl\/#website"},"datePublished":"2015-05-11T02:45:29+00:00","dateModified":"2015-05-11T06:15:21+00:00","author":{"@id":"https:\/\/da-ath.nl\/#\/schema\/person\/246d9b579fdb0273bbadaa588895e447"},"breadcrumb":{"@id":"https:\/\/da-ath.nl\/?p=14525#breadcrumb"},"inLanguage":"nl-NL","potentialAction":[{"@type":"ReadAction","target":["https:\/\/da-ath.nl\/?p=14525"]}]},{"@type":"BreadcrumbList","@id":"https:\/\/da-ath.nl\/?p=14525#breadcrumb","itemListElement":[{"@type":"ListItem","position":1,"name":"Home","item":"https:\/\/da-ath.nl\/"},{"@type":"ListItem","position":2,"name":"Woord vandaag"}]},{"@type":"WebSite","@id":"https:\/\/da-ath.nl\/#website","url":"https:\/\/da-ath.nl\/","name":"Opdat wij weten, wat God ons in genade schenkt!","description":"Gods woord is leven","potentialAction":[{"@type":"SearchAction","target":{"@type":"EntryPoint","urlTemplate":"https:\/\/da-ath.nl\/?s={search_term_string}"},"query-input":{"@type":"PropertyValueSpecification","valueRequired":true,"valueName":"search_term_string"}}],"inLanguage":"nl-NL"},{"@type":"Person","@id":"https:\/\/da-ath.nl\/#\/schema\/person\/246d9b579fdb0273bbadaa588895e447","name":"admin","url":"https:\/\/da-ath.nl\/?author=1"}]}},"_links":{"self":[{"href":"https:\/\/da-ath.nl\/index.php?rest_route=\/wp\/v2\/posts\/14525","targetHints":{"allow":["GET"]}}],"collection":[{"href":"https:\/\/da-ath.nl\/index.php?rest_route=\/wp\/v2\/posts"}],"about":[{"href":"https:\/\/da-ath.nl\/index.php?rest_route=\/wp\/v2\/types\/post"}],"author":[{"embeddable":true,"href":"https:\/\/da-ath.nl\/index.php?rest_route=\/wp\/v2\/users\/1"}],"replies":[{"embeddable":true,"href":"https:\/\/da-ath.nl\/index.php?rest_route=%2Fwp%2Fv2%2Fcomments&post=14525"}],"version-history":[{"count":11,"href":"https:\/\/da-ath.nl\/index.php?rest_route=\/wp\/v2\/posts\/14525\/revisions"}],"predecessor-version":[{"id":14572,"href":"https:\/\/da-ath.nl\/index.php?rest_route=\/wp\/v2\/posts\/14525\/revisions\/14572"}],"wp:attachment":[{"href":"https:\/\/da-ath.nl\/index.php?rest_route=%2Fwp%2Fv2%2Fmedia&parent=14525"}],"wp:term":[{"taxonomy":"category","embeddable":true,"href":"https:\/\/da-ath.nl\/index.php?rest_route=%2Fwp%2Fv2%2Fcategories&post=14525"},{"taxonomy":"post_tag","embeddable":true,"href":"https:\/\/da-ath.nl\/index.php?rest_route=%2Fwp%2Fv2%2Ftags&post=14525"}],"curies":[{"name":"wp","href":"https:\/\/api.w.org\/{rel}","templated":true}]}}