{"id":14528,"date":"2015-05-10T03:45:28","date_gmt":"2015-05-10T02:45:28","guid":{"rendered":"http:\/\/www.da-ath.nl\/?p=14528"},"modified":"2015-05-10T07:47:09","modified_gmt":"2015-05-10T06:47:09","slug":"woord-vandaag-1838","status":"publish","type":"post","link":"https:\/\/da-ath.nl\/?p=14528","title":{"rendered":"Woord vandaag"},"content":{"rendered":"<p><strong><span style=\"color: #008000;\">\u2018Opmerkelijk stukje, dat Efezi\u00ebrs 2:11-22. Wordt anders uitgelegd.\u2019<\/span><\/strong><\/p>\n<p><strong><span style=\"color: #000080;\">Vaak wordt het zo uitgelegd, dat de gelovigen uit de nati\u00ebn nu tot Isra\u00ebl<\/span><\/strong><br \/>\n<strong> <span style=\"color: #000080;\"> genaderd zijn, door het bloed van Christus. Uiteindelijk moeten zij in die<\/span><\/strong><br \/>\n<strong> <span style=\"color: #000080;\"> uitleg met Isra\u00ebl onder het nieuwe verbond komen, wat dan weer bewe-<\/span><\/strong><br \/>\n<strong> <span style=\"color: #000080;\"> zen wordt met 2 Corinthi\u00ebrs 3 en mogelijk 1 Corinthi\u00ebrs 11. D<\/span><\/strong><strong><span style=\"color: #000080;\">an zou het<br \/>\n-in die uitleg- gaan om <\/span><\/strong><strong><span style=\"color: #000080;\">dingen, die allang in Tenach bekend waren.<br \/>\n<strong>Maar,<\/strong><strong>\u00a0in Efezi\u00ebrs 2:11-22 draait het om iets anders.<\/strong><\/span><\/strong><\/p>\n<p><strong><span style=\"color: #008000;\">\u2018Je moet Efezi\u00ebrs 2:11-22 in het verband lezen?\u2019<\/span><\/strong><\/p>\n<p><strong><span style=\"color: #000080;\">Precies. Men staart zich blind op het <em>gezamenlijk burgers van<\/em> <em>de heiligen<\/em><\/span><\/strong><br \/>\n<strong> <span style=\"color: #000080;\"> en beweert dan, dat het om niet meer gaat dan bij Isra\u00ebl gaan horen<\/span><\/strong><br \/>\n<strong> <span style=\"color: #000080;\"> onder het nieuwe verbond met een aardse toekomst. Daarmee verdwijnt<\/span><\/strong><br \/>\n<strong> <span style=\"color: #000080;\"> de unieke plaats van het lichaam van Christus en wordt nog met het vlees<\/span><\/strong><br \/>\n<strong> <span style=\"color: #000080;\"> gerekend. Het punt is echter, dat het gaat om iets nieuws. Er wordt ge-<\/span><\/strong><br \/>\n<strong> <span style=\"color: #000080;\"> sproken over <em>een nieuwe mensheid<\/em> (2:15):<\/span><\/strong><\/p>\n<p><strong><span style=\"color: #000080;\"> \u2026<em>opdat Hij de twee in Zichzelf tot \u00e9\u00e9n nieuwe mensheid zal scheppen\u2026.<\/em><\/span><\/strong><\/p>\n<p><strong><span style=\"color: #000080;\"> Een nieuwe schepping, een nieuwe mensheid! Die is er pas n\u00e1 het kruis, <\/span><\/strong><br \/>\n<strong> <span style=\"color: #000080;\"> want daardoor werd de vijandschap gedood. En <em>de twee <\/em>wijst naar twee<\/span><\/strong><br \/>\n<strong> <span style=\"color: #000080;\"> groepen, gelovigen uit Isra\u00ebl en uit de nati\u00ebn.<\/span><\/strong><\/p>\n<p><strong><span style=\"color: #008000;\">\u2018Het begint me langzaamaan duidelijk te worden.\u2019<\/span><\/strong><\/p>\n<p><strong><span style=\"color: #000080;\">In het lichaam van Christus is de nieuwe mensheid zichtbaar. Dat is een<\/span><\/strong><br \/>\n<strong> <span style=\"color: #000080;\"> <em>geestelijk <\/em>gegeven. Het is <em>in de geest, in \u00e9\u00e9n geest<\/em>. Niet langer in het <\/span><\/strong><br \/>\n<strong> <span style=\"color: #000080;\"> vlees. Nu al hebben alle gelovigen vrije toegang tot de Vader. Dat is het<\/span><\/strong><br \/>\n<strong> <span style=\"color: #000080;\"> gevolg van het: <\/span><\/strong><\/p>\n<p><strong><span style=\"color: #000080;\"> <em>thans echter, in Christus Jezus, zijn jullie, die eens veraf<br \/>\nwaren, nabij gekomen in het bloed van Christus<\/em> (2:13).<\/span><\/strong><\/p>\n<p><strong><span style=\"color: #000080;\"> Nabij gekomen, tot wat of wie? <\/span><\/strong><br \/>\n<strong> <span style=\"color: #000080;\"> Tot <em>de Vader<\/em>! Niet Isra\u00ebl, maar <em>de Vader<\/em>!<\/span><\/strong><br \/>\n<strong> <span style=\"color: #000080;\"> \u00a0<\/span><\/strong><br \/>\n<strong> <span style=\"color: #000080;\"> Dat beide groepen \u00e9\u00e9n zijn geworden en dat de onderlinge vijandschap <\/span><\/strong><br \/>\n<strong> <span style=\"color: #000080;\"> weg is, gedood is, is heel fijn, maar ondergeschikt aan het vrije toegang<\/span><\/strong><br \/>\n<strong> <span style=\"color: #000080;\"> <em>tot de Vader<\/em> hebben, in \u00e9\u00e9n geest!<\/span><\/strong><\/p>\n<p><strong><span style=\"color: #008000;\">\u2018Fantastisch! Geweldig!\u2019<\/span><\/strong><\/p>\n<p><strong><span style=\"color: #000080;\">Zeker, eerst was de plaats in het vlees van de nati\u00ebn <em>los van Christus <\/em>en<\/span><\/strong><br \/>\n<strong> <span style=\"color: #000080;\"> <em>zonder God in de wereld<\/em> en nu zijn zij (de gelovigen) <em>in Christus Jezus<\/em> en<\/span><\/strong><br \/>\n<strong> <span style=\"color: #000080;\"> hebben zij <em>door Hem toegang tot de Vader, in \u00e9\u00e9n geest<\/em>. Dat is onafhan-<\/span><\/strong><br \/>\n<strong> <span style=\"color: #000080;\"> kelijk van tijd, volk of plaats. Heerlijk. Zij worden allemaal samengevoed<br \/>\nen\u00a0<\/span><\/strong><strong><span style=\"color: #000080;\">samengebouwd tot <em>een woonplaats van God, in de geest<\/em>!<\/span><\/strong><\/p>\n","protected":false},"excerpt":{"rendered":"<p>\u2018Opmerkelijk stukje, dat Efezi\u00ebrs 2:11-22. Wordt anders uitgelegd.\u2019 Vaak wordt het zo uitgelegd, dat de gelovigen uit de nati\u00ebn nu tot Isra\u00ebl genaderd zijn, door het bloed van Christus. Uiteindelijk moeten zij in die uitleg met Isra\u00ebl onder het nieuwe verbond komen, wat dan weer bewe- zen wordt met 2 Corinthi\u00ebrs 3 en mogelijk 1 [&hellip;]<\/p>\n","protected":false},"author":1,"featured_media":0,"comment_status":"closed","ping_status":"closed","sticky":false,"template":"","format":"standard","meta":{"footnotes":""},"categories":[1,9],"tags":[],"class_list":["post-14528","post","type-post","status-publish","format-standard","hentry","category-alles","category-woord-vandaag"],"yoast_head":"<!-- This site is optimized with the Yoast SEO plugin v26.3 - https:\/\/yoast.com\/wordpress\/plugins\/seo\/ -->\n<title>Woord vandaag - Opdat wij weten, wat God ons in genade schenkt!<\/title>\n<meta name=\"robots\" content=\"index, follow, max-snippet:-1, max-image-preview:large, max-video-preview:-1\" \/>\n<link rel=\"canonical\" href=\"https:\/\/da-ath.nl\/?p=14528\" \/>\n<meta property=\"og:locale\" content=\"nl_NL\" \/>\n<meta property=\"og:type\" content=\"article\" \/>\n<meta property=\"og:title\" content=\"Woord vandaag - Opdat wij weten, wat God ons in genade schenkt!\" \/>\n<meta property=\"og:description\" content=\"\u2018Opmerkelijk stukje, dat Efezi\u00ebrs 2:11-22. Wordt anders uitgelegd.\u2019 Vaak wordt het zo uitgelegd, dat de gelovigen uit de nati\u00ebn nu tot Isra\u00ebl genaderd zijn, door het bloed van Christus. Uiteindelijk moeten zij in die uitleg met Isra\u00ebl onder het nieuwe verbond komen, wat dan weer bewe- zen wordt met 2 Corinthi\u00ebrs 3 en mogelijk 1 [&hellip;]\" \/>\n<meta property=\"og:url\" content=\"https:\/\/da-ath.nl\/?p=14528\" \/>\n<meta property=\"og:site_name\" content=\"Opdat wij weten, wat God ons in genade schenkt!\" \/>\n<meta property=\"article:published_time\" content=\"2015-05-10T02:45:28+00:00\" \/>\n<meta property=\"article:modified_time\" content=\"2015-05-10T06:47:09+00:00\" \/>\n<meta name=\"author\" content=\"admin\" \/>\n<meta name=\"twitter:card\" content=\"summary_large_image\" \/>\n<meta name=\"twitter:label1\" content=\"Geschreven door\" \/>\n\t<meta name=\"twitter:data1\" content=\"admin\" \/>\n\t<meta name=\"twitter:label2\" content=\"Geschatte leestijd\" \/>\n\t<meta name=\"twitter:data2\" content=\"2 minuten\" \/>\n<script type=\"application\/ld+json\" class=\"yoast-schema-graph\">{\"@context\":\"https:\/\/schema.org\",\"@graph\":[{\"@type\":\"WebPage\",\"@id\":\"https:\/\/da-ath.nl\/?p=14528\",\"url\":\"https:\/\/da-ath.nl\/?p=14528\",\"name\":\"Woord vandaag - Opdat wij weten, wat God ons in genade schenkt!\",\"isPartOf\":{\"@id\":\"https:\/\/da-ath.nl\/#website\"},\"datePublished\":\"2015-05-10T02:45:28+00:00\",\"dateModified\":\"2015-05-10T06:47:09+00:00\",\"author\":{\"@id\":\"https:\/\/da-ath.nl\/#\/schema\/person\/246d9b579fdb0273bbadaa588895e447\"},\"breadcrumb\":{\"@id\":\"https:\/\/da-ath.nl\/?p=14528#breadcrumb\"},\"inLanguage\":\"nl-NL\",\"potentialAction\":[{\"@type\":\"ReadAction\",\"target\":[\"https:\/\/da-ath.nl\/?p=14528\"]}]},{\"@type\":\"BreadcrumbList\",\"@id\":\"https:\/\/da-ath.nl\/?p=14528#breadcrumb\",\"itemListElement\":[{\"@type\":\"ListItem\",\"position\":1,\"name\":\"Home\",\"item\":\"https:\/\/da-ath.nl\/\"},{\"@type\":\"ListItem\",\"position\":2,\"name\":\"Woord vandaag\"}]},{\"@type\":\"WebSite\",\"@id\":\"https:\/\/da-ath.nl\/#website\",\"url\":\"https:\/\/da-ath.nl\/\",\"name\":\"Opdat wij weten, wat God ons in genade schenkt!\",\"description\":\"Gods woord is leven\",\"potentialAction\":[{\"@type\":\"SearchAction\",\"target\":{\"@type\":\"EntryPoint\",\"urlTemplate\":\"https:\/\/da-ath.nl\/?s={search_term_string}\"},\"query-input\":{\"@type\":\"PropertyValueSpecification\",\"valueRequired\":true,\"valueName\":\"search_term_string\"}}],\"inLanguage\":\"nl-NL\"},{\"@type\":\"Person\",\"@id\":\"https:\/\/da-ath.nl\/#\/schema\/person\/246d9b579fdb0273bbadaa588895e447\",\"name\":\"admin\",\"url\":\"https:\/\/da-ath.nl\/?author=1\"}]}<\/script>\n<!-- \/ Yoast SEO plugin. -->","yoast_head_json":{"title":"Woord vandaag - Opdat wij weten, wat God ons in genade schenkt!","robots":{"index":"index","follow":"follow","max-snippet":"max-snippet:-1","max-image-preview":"max-image-preview:large","max-video-preview":"max-video-preview:-1"},"canonical":"https:\/\/da-ath.nl\/?p=14528","og_locale":"nl_NL","og_type":"article","og_title":"Woord vandaag - Opdat wij weten, wat God ons in genade schenkt!","og_description":"\u2018Opmerkelijk stukje, dat Efezi\u00ebrs 2:11-22. Wordt anders uitgelegd.\u2019 Vaak wordt het zo uitgelegd, dat de gelovigen uit de nati\u00ebn nu tot Isra\u00ebl genaderd zijn, door het bloed van Christus. Uiteindelijk moeten zij in die uitleg met Isra\u00ebl onder het nieuwe verbond komen, wat dan weer bewe- zen wordt met 2 Corinthi\u00ebrs 3 en mogelijk 1 [&hellip;]","og_url":"https:\/\/da-ath.nl\/?p=14528","og_site_name":"Opdat wij weten, wat God ons in genade schenkt!","article_published_time":"2015-05-10T02:45:28+00:00","article_modified_time":"2015-05-10T06:47:09+00:00","author":"admin","twitter_card":"summary_large_image","twitter_misc":{"Geschreven door":"admin","Geschatte leestijd":"2 minuten"},"schema":{"@context":"https:\/\/schema.org","@graph":[{"@type":"WebPage","@id":"https:\/\/da-ath.nl\/?p=14528","url":"https:\/\/da-ath.nl\/?p=14528","name":"Woord vandaag - Opdat wij weten, wat God ons in genade schenkt!","isPartOf":{"@id":"https:\/\/da-ath.nl\/#website"},"datePublished":"2015-05-10T02:45:28+00:00","dateModified":"2015-05-10T06:47:09+00:00","author":{"@id":"https:\/\/da-ath.nl\/#\/schema\/person\/246d9b579fdb0273bbadaa588895e447"},"breadcrumb":{"@id":"https:\/\/da-ath.nl\/?p=14528#breadcrumb"},"inLanguage":"nl-NL","potentialAction":[{"@type":"ReadAction","target":["https:\/\/da-ath.nl\/?p=14528"]}]},{"@type":"BreadcrumbList","@id":"https:\/\/da-ath.nl\/?p=14528#breadcrumb","itemListElement":[{"@type":"ListItem","position":1,"name":"Home","item":"https:\/\/da-ath.nl\/"},{"@type":"ListItem","position":2,"name":"Woord vandaag"}]},{"@type":"WebSite","@id":"https:\/\/da-ath.nl\/#website","url":"https:\/\/da-ath.nl\/","name":"Opdat wij weten, wat God ons in genade schenkt!","description":"Gods woord is leven","potentialAction":[{"@type":"SearchAction","target":{"@type":"EntryPoint","urlTemplate":"https:\/\/da-ath.nl\/?s={search_term_string}"},"query-input":{"@type":"PropertyValueSpecification","valueRequired":true,"valueName":"search_term_string"}}],"inLanguage":"nl-NL"},{"@type":"Person","@id":"https:\/\/da-ath.nl\/#\/schema\/person\/246d9b579fdb0273bbadaa588895e447","name":"admin","url":"https:\/\/da-ath.nl\/?author=1"}]}},"_links":{"self":[{"href":"https:\/\/da-ath.nl\/index.php?rest_route=\/wp\/v2\/posts\/14528","targetHints":{"allow":["GET"]}}],"collection":[{"href":"https:\/\/da-ath.nl\/index.php?rest_route=\/wp\/v2\/posts"}],"about":[{"href":"https:\/\/da-ath.nl\/index.php?rest_route=\/wp\/v2\/types\/post"}],"author":[{"embeddable":true,"href":"https:\/\/da-ath.nl\/index.php?rest_route=\/wp\/v2\/users\/1"}],"replies":[{"embeddable":true,"href":"https:\/\/da-ath.nl\/index.php?rest_route=%2Fwp%2Fv2%2Fcomments&post=14528"}],"version-history":[{"count":8,"href":"https:\/\/da-ath.nl\/index.php?rest_route=\/wp\/v2\/posts\/14528\/revisions"}],"predecessor-version":[{"id":14536,"href":"https:\/\/da-ath.nl\/index.php?rest_route=\/wp\/v2\/posts\/14528\/revisions\/14536"}],"wp:attachment":[{"href":"https:\/\/da-ath.nl\/index.php?rest_route=%2Fwp%2Fv2%2Fmedia&parent=14528"}],"wp:term":[{"taxonomy":"category","embeddable":true,"href":"https:\/\/da-ath.nl\/index.php?rest_route=%2Fwp%2Fv2%2Fcategories&post=14528"},{"taxonomy":"post_tag","embeddable":true,"href":"https:\/\/da-ath.nl\/index.php?rest_route=%2Fwp%2Fv2%2Ftags&post=14528"}],"curies":[{"name":"wp","href":"https:\/\/api.w.org\/{rel}","templated":true}]}}