{"id":14552,"date":"2015-05-12T03:45:52","date_gmt":"2015-05-12T02:45:52","guid":{"rendered":"http:\/\/www.da-ath.nl\/?p=14552"},"modified":"2015-05-10T18:11:00","modified_gmt":"2015-05-10T17:11:00","slug":"woord-vandaag-1842","status":"publish","type":"post","link":"https:\/\/da-ath.nl\/?p=14552","title":{"rendered":"Woord vandaag"},"content":{"rendered":"<p><strong><span style=\"color: #008000;\">\u2018Bijzonder, zo\u2019n uitzicht in Efezi\u00ebrs.\u2019<\/span><\/strong><\/p>\n<p><strong><span style=\"color: #000080;\">Het is een vergezicht en tegelijk voor ons dichtbij, want in het lichaam van <\/span><\/strong><br \/>\n<strong><span style=\"color: #000080;\"> Christus zien we al de nieuwe mensheid. De geestelijke eenheid is<\/span>\u00a0<span style=\"color: #000080;\">in dat<br \/>\nlichaam aanwezig. Dat het vaak moeizaam of nauwelijks werkelijk tot<\/span>\u00a0<span style=\"color: #000080;\"><strong>uit-<\/strong><br \/>\ndrukking komt, ligt aan het vlees. Daarin zit verdeeldheid. Die is echter in<\/span><\/strong><br \/>\n<strong> <span style=\"color: #000080;\"> de nieuwe schepping, de nieuwe mensheid, opgeheven. Voordat Efezi\u00ebrs<\/span><\/strong><br \/>\n<strong> <span style=\"color: #000080;\"> geschreven werd, kon gelezen worden over die bijzondere eenheid:<\/span><\/strong><\/p>\n<p><strong><span style=\"color: #000080;\"> <em>omdat het brood \u00e9\u00e9n is, zijn wij, de velen, \u00e9\u00e9n lichaam, want wij hebben<br \/>\nallen deel aan het ene brood<\/em>\u00a0\u00a0\u00a0\u00a0\u00a0\u00a0\u00a0\u00a0\u00a0\u00a0\u00a0\u00a0\u00a0\u00a0\u00a0\u00a0\u00a0\u00a0\u00a0\u00a0\u00a0\u00a0\u00a0\u00a0\u00a0\u00a0\u00a0\u00a0\u00a0\u00a0\u00a0\u00a0\u00a0\u00a0\u00a0\u00a0\u00a0\u00a0\u00a0\u00a0\u00a0\u00a0\u00a0\u00a0\u00a0\u00a0\u00a0 1 Corinthi\u00ebrs 10:17<\/span><\/strong><\/p>\n<p><strong><span style=\"color: #000080;\"> <em>want zoals het lichaam \u00e9\u00e9n is en veel leden heeft, en al de leden van dit ene<br \/>\nlichaam, hoewel velen, \u00e9\u00e9n lichaam zijn, zo ook de Christus<br \/>\n<\/em>\u00a0\u00a0\u00a0\u00a0\u00a0\u00a0\u00a0\u00a0\u00a0\u00a0\u00a0\u00a0\u00a0\u00a0\u00a0\u00a0\u00a0\u00a0\u00a0\u00a0\u00a0\u00a0\u00a0\u00a0\u00a0\u00a0\u00a0\u00a0\u00a0\u00a0\u00a0\u00a0\u00a0\u00a0\u00a0\u00a0\u00a0\u00a0\u00a0\u00a0\u00a0\u00a0\u00a0\u00a0\u00a0\u00a0\u00a0\u00a0\u00a0\u00a0\u00a0\u00a0\u00a0\u00a0\u00a0\u00a0\u00a0\u00a0\u00a0\u00a0\u00a0\u00a0\u00a0\u00a0\u00a0\u00a0\u00a0\u00a0\u00a0\u00a0\u00a0\u00a0\u00a0\u00a0\u00a0\u00a0\u00a0\u00a0\u00a0\u00a0\u00a0\u00a0\u00a0\u00a0\u00a0\u00a0\u00a0\u00a0\u00a0\u00a0\u00a0\u00a0\u00a0\u00a0\u00a0\u00a0\u00a0\u00a0\u00a0\u00a0 1 Corinthi\u00ebrs 12:12<\/span><\/strong><\/p>\n<p><strong><span style=\"color: #008000;\">\u2018Ja, dat is wat al in 1 Corinthi\u00ebrs stond.\u2019<\/span><\/strong><\/p>\n<p><strong><span style=\"color: #000080;\">We hebben in een ander verband gezien, dat ook in 1 Corinthi\u00ebrs al de bood-<\/span><\/strong><br \/>\n<strong> <span style=\"color: #000080;\"> schap van het kruis te horen is. Dat heeft hiermee verband. Eenheid kan al-<\/span><\/strong><br \/>\n<strong> <span style=\"color: #000080;\"> leen op basis van het kruis komen en aanwezig zijn. Wanneer men niet door-<\/span><\/strong><br \/>\n<strong> <span style=\"color: #000080;\"> drongen is van het feit, dat de oude mensheid samen met Christus gekruisigd<\/span><\/strong><br \/>\n<strong> <span style=\"color: #000080;\"> en gestorven en begraven is, zal men het vlees nog een plaats geven. En dan<\/span><\/strong><br \/>\n<strong> <span style=\"color: #000080;\"> is er automatisch verdeeldheid <em>in de praktijk<\/em>.<\/span><\/strong><\/p>\n<p><strong><span style=\"color: #008000;\">\u2018Fijn om zo met elkaar dieper te kijken.\u2019<\/span><\/strong><\/p>\n<p><strong><span style=\"color: #000080;\">Over de geestelijke eenheid lezen we ook in een andere brief van de apostel:<\/span><\/strong><br \/>\n<strong> <span style=\"color: #000080;\"> <em>zo kennen wij vanaf nu niemand naar het vlees, en al hebben wij Christus<br \/>\nnaar het vlees gekend, dan nu zo niet meer, daarom, als iemand in Christus<br \/>\nis, is hij een nieuwe schepping, het oude is voorbij, zie, alles is nieuw ge-<br \/>\nworden. En dit alles is uit God\u2026..\u00a0\u00a0\u00a0\u00a0\u00a0\u00a0\u00a0 <\/em>\u00a0\u00a0\u00a0\u00a0\u00a0\u00a0\u00a0\u00a0\u00a0\u00a0\u00a0\u00a0\u00a0\u00a0\u00a0\u00a0\u00a0\u00a0\u00a0\u00a0\u00a0\u00a0\u00a0\u00a0\u00a0\u00a0\u00a0\u00a0\u00a0\u00a0\u00a0\u00a0\u00a0\u00a02 Corinthi\u00ebrs 5:17,18<\/span><\/strong><\/p>\n<p><strong><span style=\"color: #000080;\"> En wat klonk hier vlak voor? Het woord van het kruis, in feite. In vers 14 <\/span><\/strong><br \/>\n<strong> <span style=\"color: #000080;\"> staat, dat \u00c9\u00e9n voor allen stierf en dat dus allen gestorven zijn. Op basis <\/span><\/strong><br \/>\n<strong> <span style=\"color: #000080;\"> daarvan kennen wij niemand \u2013ook Christus zelf niet- meer naar het vlees.<\/span><\/strong><br \/>\n<strong> <span style=\"color: #000080;\"> Alle verschillen \u2013want dat is in het vlees- vallen in de nieuwe schepping weg!<\/span><\/strong><\/p>\n","protected":false},"excerpt":{"rendered":"<p>\u2018Bijzonder, zo\u2019n uitzicht in Efezi\u00ebrs.\u2019 Het is een vergezicht en tegelijk voor ons dichtbij, want in het lichaam van Christus zien we al de nieuwe mensheid. De geestelijke eenheid is\u00a0in dat lichaam aanwezig. Dat het vaak moeizaam of nauwelijks werkelijk tot\u00a0uit- drukking komt, ligt aan het vlees. Daarin zit verdeeldheid. Die is echter in de [&hellip;]<\/p>\n","protected":false},"author":1,"featured_media":0,"comment_status":"closed","ping_status":"closed","sticky":false,"template":"","format":"standard","meta":{"footnotes":""},"categories":[1,9],"tags":[],"class_list":["post-14552","post","type-post","status-publish","format-standard","hentry","category-alles","category-woord-vandaag"],"yoast_head":"<!-- This site is optimized with the Yoast SEO plugin v26.3 - https:\/\/yoast.com\/wordpress\/plugins\/seo\/ -->\n<title>Woord vandaag - Opdat wij weten, wat God ons in genade schenkt!<\/title>\n<meta name=\"robots\" content=\"index, follow, max-snippet:-1, max-image-preview:large, max-video-preview:-1\" \/>\n<link rel=\"canonical\" href=\"https:\/\/da-ath.nl\/?p=14552\" \/>\n<meta property=\"og:locale\" content=\"nl_NL\" \/>\n<meta property=\"og:type\" content=\"article\" \/>\n<meta property=\"og:title\" content=\"Woord vandaag - Opdat wij weten, wat God ons in genade schenkt!\" \/>\n<meta property=\"og:description\" content=\"\u2018Bijzonder, zo\u2019n uitzicht in Efezi\u00ebrs.\u2019 Het is een vergezicht en tegelijk voor ons dichtbij, want in het lichaam van Christus zien we al de nieuwe mensheid. De geestelijke eenheid is\u00a0in dat lichaam aanwezig. Dat het vaak moeizaam of nauwelijks werkelijk tot\u00a0uit- drukking komt, ligt aan het vlees. Daarin zit verdeeldheid. Die is echter in de [&hellip;]\" \/>\n<meta property=\"og:url\" content=\"https:\/\/da-ath.nl\/?p=14552\" \/>\n<meta property=\"og:site_name\" content=\"Opdat wij weten, wat God ons in genade schenkt!\" \/>\n<meta property=\"article:published_time\" content=\"2015-05-12T02:45:52+00:00\" \/>\n<meta name=\"author\" content=\"admin\" \/>\n<meta name=\"twitter:card\" content=\"summary_large_image\" \/>\n<meta name=\"twitter:label1\" content=\"Geschreven door\" \/>\n\t<meta name=\"twitter:data1\" content=\"admin\" \/>\n\t<meta name=\"twitter:label2\" content=\"Geschatte leestijd\" \/>\n\t<meta name=\"twitter:data2\" content=\"2 minuten\" \/>\n<script type=\"application\/ld+json\" class=\"yoast-schema-graph\">{\"@context\":\"https:\/\/schema.org\",\"@graph\":[{\"@type\":\"WebPage\",\"@id\":\"https:\/\/da-ath.nl\/?p=14552\",\"url\":\"https:\/\/da-ath.nl\/?p=14552\",\"name\":\"Woord vandaag - Opdat wij weten, wat God ons in genade schenkt!\",\"isPartOf\":{\"@id\":\"https:\/\/da-ath.nl\/#website\"},\"datePublished\":\"2015-05-12T02:45:52+00:00\",\"author\":{\"@id\":\"https:\/\/da-ath.nl\/#\/schema\/person\/246d9b579fdb0273bbadaa588895e447\"},\"breadcrumb\":{\"@id\":\"https:\/\/da-ath.nl\/?p=14552#breadcrumb\"},\"inLanguage\":\"nl-NL\",\"potentialAction\":[{\"@type\":\"ReadAction\",\"target\":[\"https:\/\/da-ath.nl\/?p=14552\"]}]},{\"@type\":\"BreadcrumbList\",\"@id\":\"https:\/\/da-ath.nl\/?p=14552#breadcrumb\",\"itemListElement\":[{\"@type\":\"ListItem\",\"position\":1,\"name\":\"Home\",\"item\":\"https:\/\/da-ath.nl\/\"},{\"@type\":\"ListItem\",\"position\":2,\"name\":\"Woord vandaag\"}]},{\"@type\":\"WebSite\",\"@id\":\"https:\/\/da-ath.nl\/#website\",\"url\":\"https:\/\/da-ath.nl\/\",\"name\":\"Opdat wij weten, wat God ons in genade schenkt!\",\"description\":\"Gods woord is leven\",\"potentialAction\":[{\"@type\":\"SearchAction\",\"target\":{\"@type\":\"EntryPoint\",\"urlTemplate\":\"https:\/\/da-ath.nl\/?s={search_term_string}\"},\"query-input\":{\"@type\":\"PropertyValueSpecification\",\"valueRequired\":true,\"valueName\":\"search_term_string\"}}],\"inLanguage\":\"nl-NL\"},{\"@type\":\"Person\",\"@id\":\"https:\/\/da-ath.nl\/#\/schema\/person\/246d9b579fdb0273bbadaa588895e447\",\"name\":\"admin\",\"url\":\"https:\/\/da-ath.nl\/?author=1\"}]}<\/script>\n<!-- \/ Yoast SEO plugin. -->","yoast_head_json":{"title":"Woord vandaag - Opdat wij weten, wat God ons in genade schenkt!","robots":{"index":"index","follow":"follow","max-snippet":"max-snippet:-1","max-image-preview":"max-image-preview:large","max-video-preview":"max-video-preview:-1"},"canonical":"https:\/\/da-ath.nl\/?p=14552","og_locale":"nl_NL","og_type":"article","og_title":"Woord vandaag - Opdat wij weten, wat God ons in genade schenkt!","og_description":"\u2018Bijzonder, zo\u2019n uitzicht in Efezi\u00ebrs.\u2019 Het is een vergezicht en tegelijk voor ons dichtbij, want in het lichaam van Christus zien we al de nieuwe mensheid. De geestelijke eenheid is\u00a0in dat lichaam aanwezig. Dat het vaak moeizaam of nauwelijks werkelijk tot\u00a0uit- drukking komt, ligt aan het vlees. Daarin zit verdeeldheid. Die is echter in de [&hellip;]","og_url":"https:\/\/da-ath.nl\/?p=14552","og_site_name":"Opdat wij weten, wat God ons in genade schenkt!","article_published_time":"2015-05-12T02:45:52+00:00","author":"admin","twitter_card":"summary_large_image","twitter_misc":{"Geschreven door":"admin","Geschatte leestijd":"2 minuten"},"schema":{"@context":"https:\/\/schema.org","@graph":[{"@type":"WebPage","@id":"https:\/\/da-ath.nl\/?p=14552","url":"https:\/\/da-ath.nl\/?p=14552","name":"Woord vandaag - Opdat wij weten, wat God ons in genade schenkt!","isPartOf":{"@id":"https:\/\/da-ath.nl\/#website"},"datePublished":"2015-05-12T02:45:52+00:00","author":{"@id":"https:\/\/da-ath.nl\/#\/schema\/person\/246d9b579fdb0273bbadaa588895e447"},"breadcrumb":{"@id":"https:\/\/da-ath.nl\/?p=14552#breadcrumb"},"inLanguage":"nl-NL","potentialAction":[{"@type":"ReadAction","target":["https:\/\/da-ath.nl\/?p=14552"]}]},{"@type":"BreadcrumbList","@id":"https:\/\/da-ath.nl\/?p=14552#breadcrumb","itemListElement":[{"@type":"ListItem","position":1,"name":"Home","item":"https:\/\/da-ath.nl\/"},{"@type":"ListItem","position":2,"name":"Woord vandaag"}]},{"@type":"WebSite","@id":"https:\/\/da-ath.nl\/#website","url":"https:\/\/da-ath.nl\/","name":"Opdat wij weten, wat God ons in genade schenkt!","description":"Gods woord is leven","potentialAction":[{"@type":"SearchAction","target":{"@type":"EntryPoint","urlTemplate":"https:\/\/da-ath.nl\/?s={search_term_string}"},"query-input":{"@type":"PropertyValueSpecification","valueRequired":true,"valueName":"search_term_string"}}],"inLanguage":"nl-NL"},{"@type":"Person","@id":"https:\/\/da-ath.nl\/#\/schema\/person\/246d9b579fdb0273bbadaa588895e447","name":"admin","url":"https:\/\/da-ath.nl\/?author=1"}]}},"_links":{"self":[{"href":"https:\/\/da-ath.nl\/index.php?rest_route=\/wp\/v2\/posts\/14552","targetHints":{"allow":["GET"]}}],"collection":[{"href":"https:\/\/da-ath.nl\/index.php?rest_route=\/wp\/v2\/posts"}],"about":[{"href":"https:\/\/da-ath.nl\/index.php?rest_route=\/wp\/v2\/types\/post"}],"author":[{"embeddable":true,"href":"https:\/\/da-ath.nl\/index.php?rest_route=\/wp\/v2\/users\/1"}],"replies":[{"embeddable":true,"href":"https:\/\/da-ath.nl\/index.php?rest_route=%2Fwp%2Fv2%2Fcomments&post=14552"}],"version-history":[{"count":5,"href":"https:\/\/da-ath.nl\/index.php?rest_route=\/wp\/v2\/posts\/14552\/revisions"}],"predecessor-version":[{"id":14573,"href":"https:\/\/da-ath.nl\/index.php?rest_route=\/wp\/v2\/posts\/14552\/revisions\/14573"}],"wp:attachment":[{"href":"https:\/\/da-ath.nl\/index.php?rest_route=%2Fwp%2Fv2%2Fmedia&parent=14552"}],"wp:term":[{"taxonomy":"category","embeddable":true,"href":"https:\/\/da-ath.nl\/index.php?rest_route=%2Fwp%2Fv2%2Fcategories&post=14552"},{"taxonomy":"post_tag","embeddable":true,"href":"https:\/\/da-ath.nl\/index.php?rest_route=%2Fwp%2Fv2%2Ftags&post=14552"}],"curies":[{"name":"wp","href":"https:\/\/api.w.org\/{rel}","templated":true}]}}