{"id":206,"date":"2013-04-07T02:45:25","date_gmt":"2013-04-07T02:45:25","guid":{"rendered":"http:\/\/da-ath.nl\/?p=206"},"modified":"2013-04-09T22:54:52","modified_gmt":"2013-04-09T20:54:52","slug":"woord-vandaag-25-2","status":"publish","type":"post","link":"https:\/\/da-ath.nl\/?p=206","title":{"rendered":"Woord vandaag"},"content":{"rendered":"<p><strong><span style=\"color: #008000;\">&#8216;Net als Isra\u00ebl zijn ook wij uitgekozen, alleen wordt van ons\u00a0<\/span><\/strong><span style=\"color: #008000;\"><strong><span style=\"color: #008000;\">gezeg<\/span>d,<br \/>\ndat het al van v\u00f3\u00f3r de nederwerping van de wereld was.&#8217;<\/strong><\/span><\/p>\n<p><strong><span style=\"color: #000080;\">Dat is in Christus. In Efezi\u00ebrs 1:3,4 blijkt, dat wij alleen geestelijke<\/span><\/strong><br \/>\n<strong> <span style=\"color: #000080;\">zegen hebben ontvangen, in Christus. Ook staat erbij: te midden <\/span><\/strong><br \/>\n<strong> <span style=\"color: #000080;\">van de hemelingen. Onze roeping en toekomst is d\u00e1\u00e1r, boven, sa-<\/span><\/strong><br \/>\n<strong> <span style=\"color: #000080;\">men met Christus, voor de hemelse machten en krachten. Geen <\/span><\/strong><br \/>\n<strong> <span style=\"color: #000080;\">enkele andere groep op aarde heeft ooit zo&#8217;n roeping gehad. Het<\/span><\/strong><br \/>\n<strong> <span style=\"color: #000080;\">is allemaal teveel om te bevatten met ons gewone menselijke ver-<\/span><\/strong><br \/>\n<strong> <span style=\"color: #000080;\">stand en begripsvermogen. Daarom bidt hij ook in Efezi\u00ebrs 1 om een<\/span><\/strong><br \/>\n<strong> <span style=\"color: #000080;\">geest van wijsheid en onthulling in erkenning van Hem.<\/span><\/strong><\/p>\n<p><strong><span style=\"color: #008000;\">&#8216;Velen bidden om een uitstorting van de heilige geest, maar dit is<\/span><\/strong><br \/>\n<strong><span style=\"color: #008000;\"> iets anders, dus.&#8217;<\/span><\/strong><\/p>\n<p><strong><span style=\"color: #000080;\">Hier gaat het niet om een uitgieten van de heilige geest, maar om een<\/span><\/strong><br \/>\n<strong> <span style=\"color: #000080;\">bijzondere toedeling van de geest van God. Hij stelde al vast in 2 Cor-<\/span><\/strong><br \/>\n<strong> <span style=\"color: #000080;\">inthi\u00ebrs 1 en in Efezi\u00ebrs 1:13,14, dat wij al verzegeld zijn met de geest<\/span><\/strong><br \/>\n<strong> <span style=\"color: #000080;\">van de belofte, de heilige toen wij het woord van de waarheid van het <\/span><\/strong><br \/>\n<strong> <span style=\"color: #000080;\">evangelie hoorden. Ook dat is in Christus. <\/span><\/strong><br \/>\n<strong> <span style=\"color: #000080;\">Maar in Efezi\u00ebrs 1 bidt hij om de geest van wijsheid en onthulling in er-<\/span><\/strong><br \/>\n<span style=\"color: #000080;\"><strong>kenning van Hem. En Wie bidt hij daarom? De Vader van de heerlijk-<br \/>\nheid. Dat zouden wij niet missen. Hij bidt dus speciaal de Vader van de<br \/>\nheerlijkheid om deze bijzondere toedeling. Het gaat hier om de Vader,<br \/>\ndie heerlijkheid beoogt voor de \u00a0gemeente die het lichaam van Chris-<br \/>\ntus is. Dit moet wel een speciale heerlijkheid zijn.<\/strong><\/span><\/p>\n<p><strong><span style=\"color: #008000;\">&#8216;He, dat heb ik eigenlijk nog nooit zo gezien.&#8217;<\/span><\/strong><\/p>\n<p><span style=\"color: #000080;\"><strong>Het gaat hier om de bijzondere roeping en heerlijkheid, die nog niet<\/strong><\/span><br \/>\n<span style=\"color: #000080;\"><strong> in Romeinen of in de beide Korintebrieven bekend was gemaakt. Deze<\/strong><\/span><br \/>\n<span style=\"color: #000080;\"><strong> heerlijkheid betreft het lichaam van Christus, dat geroepen is tot een<\/strong><\/span><br \/>\n<span style=\"color: #000080;\"><strong> speciale lotgenieting (Efezi\u00ebrs 1:14), niet op aarde. Want Isra\u00ebl kreeg<\/strong><\/span><br \/>\n<span style=\"color: #000080;\"><strong> door loting een lot(s)deel op aarde in het land toebedeeld onder de<\/strong><\/span><br \/>\n<span style=\"color: #000080;\"><strong> aardse Jozua, die immers een type is van de ware hemelse Jozua, onze<\/strong><\/span><br \/>\n<span style=\"color: #000080;\"><strong> Heer Jezus Christus (Efezi\u00ebrs 1:17). Wij komen niet in de plaats van Isra\u00ebl,<\/strong><\/span><br \/>\n<span style=\"color: #000080;\"><strong> wij sluiten ook niet aan of gaan op in Isra\u00ebl, maar wij ontvangen, door de<\/strong><\/span><br \/>\n<span style=\"color: #000080;\"><strong> rijkdom van Zijn genade, een hemels lot(s)deel, boven, te midden van de<\/strong><\/span><br \/>\n<span style=\"color: #000080;\"><strong> hemelingen! \u00a0<\/strong><\/span><\/p>\n","protected":false},"excerpt":{"rendered":"<p>&#8216;Net als Isra\u00ebl zijn ook wij uitgekozen, alleen wordt van ons\u00a0gezegd, dat het al van v\u00f3\u00f3r de nederwerping van de wereld was.&#8217; Dat is in Christus. In Efezi\u00ebrs 1:3,4 blijkt, dat wij alleen geestelijke zegen hebben ontvangen, in Christus. Ook staat erbij: te midden van de hemelingen. Onze roeping en toekomst is d\u00e1\u00e1r, boven, sa- [&hellip;]<\/p>\n","protected":false},"author":1,"featured_media":0,"comment_status":"closed","ping_status":"closed","sticky":false,"template":"","format":"standard","meta":{"footnotes":""},"categories":[1,9],"tags":[],"class_list":["post-206","post","type-post","status-publish","format-standard","hentry","category-alles","category-woord-vandaag"],"yoast_head":"<!-- This site is optimized with the Yoast SEO plugin v26.3 - https:\/\/yoast.com\/wordpress\/plugins\/seo\/ -->\n<title>Woord vandaag - Opdat wij weten, wat God ons in genade schenkt!<\/title>\n<meta name=\"robots\" content=\"index, follow, max-snippet:-1, max-image-preview:large, max-video-preview:-1\" \/>\n<link rel=\"canonical\" href=\"https:\/\/da-ath.nl\/?p=206\" \/>\n<meta property=\"og:locale\" content=\"nl_NL\" \/>\n<meta property=\"og:type\" content=\"article\" \/>\n<meta property=\"og:title\" content=\"Woord vandaag - Opdat wij weten, wat God ons in genade schenkt!\" \/>\n<meta property=\"og:description\" content=\"&#8216;Net als Isra\u00ebl zijn ook wij uitgekozen, alleen wordt van ons\u00a0gezegd, dat het al van v\u00f3\u00f3r de nederwerping van de wereld was.&#8217; Dat is in Christus. In Efezi\u00ebrs 1:3,4 blijkt, dat wij alleen geestelijke zegen hebben ontvangen, in Christus. Ook staat erbij: te midden van de hemelingen. Onze roeping en toekomst is d\u00e1\u00e1r, boven, sa- [&hellip;]\" \/>\n<meta property=\"og:url\" content=\"https:\/\/da-ath.nl\/?p=206\" \/>\n<meta property=\"og:site_name\" content=\"Opdat wij weten, wat God ons in genade schenkt!\" \/>\n<meta property=\"article:published_time\" content=\"2013-04-07T02:45:25+00:00\" \/>\n<meta property=\"article:modified_time\" content=\"2013-04-09T20:54:52+00:00\" \/>\n<meta name=\"author\" content=\"admin\" \/>\n<meta name=\"twitter:card\" content=\"summary_large_image\" \/>\n<meta name=\"twitter:label1\" content=\"Geschreven door\" \/>\n\t<meta name=\"twitter:data1\" content=\"admin\" \/>\n\t<meta name=\"twitter:label2\" content=\"Geschatte leestijd\" \/>\n\t<meta name=\"twitter:data2\" content=\"2 minuten\" \/>\n<script type=\"application\/ld+json\" class=\"yoast-schema-graph\">{\"@context\":\"https:\/\/schema.org\",\"@graph\":[{\"@type\":\"WebPage\",\"@id\":\"https:\/\/da-ath.nl\/?p=206\",\"url\":\"https:\/\/da-ath.nl\/?p=206\",\"name\":\"Woord vandaag - Opdat wij weten, wat God ons in genade schenkt!\",\"isPartOf\":{\"@id\":\"https:\/\/da-ath.nl\/#website\"},\"datePublished\":\"2013-04-07T02:45:25+00:00\",\"dateModified\":\"2013-04-09T20:54:52+00:00\",\"author\":{\"@id\":\"https:\/\/da-ath.nl\/#\/schema\/person\/246d9b579fdb0273bbadaa588895e447\"},\"breadcrumb\":{\"@id\":\"https:\/\/da-ath.nl\/?p=206#breadcrumb\"},\"inLanguage\":\"nl-NL\",\"potentialAction\":[{\"@type\":\"ReadAction\",\"target\":[\"https:\/\/da-ath.nl\/?p=206\"]}]},{\"@type\":\"BreadcrumbList\",\"@id\":\"https:\/\/da-ath.nl\/?p=206#breadcrumb\",\"itemListElement\":[{\"@type\":\"ListItem\",\"position\":1,\"name\":\"Home\",\"item\":\"https:\/\/da-ath.nl\/\"},{\"@type\":\"ListItem\",\"position\":2,\"name\":\"Woord vandaag\"}]},{\"@type\":\"WebSite\",\"@id\":\"https:\/\/da-ath.nl\/#website\",\"url\":\"https:\/\/da-ath.nl\/\",\"name\":\"Opdat wij weten, wat God ons in genade schenkt!\",\"description\":\"Gods woord is leven\",\"potentialAction\":[{\"@type\":\"SearchAction\",\"target\":{\"@type\":\"EntryPoint\",\"urlTemplate\":\"https:\/\/da-ath.nl\/?s={search_term_string}\"},\"query-input\":{\"@type\":\"PropertyValueSpecification\",\"valueRequired\":true,\"valueName\":\"search_term_string\"}}],\"inLanguage\":\"nl-NL\"},{\"@type\":\"Person\",\"@id\":\"https:\/\/da-ath.nl\/#\/schema\/person\/246d9b579fdb0273bbadaa588895e447\",\"name\":\"admin\",\"url\":\"https:\/\/da-ath.nl\/?author=1\"}]}<\/script>\n<!-- \/ Yoast SEO plugin. -->","yoast_head_json":{"title":"Woord vandaag - Opdat wij weten, wat God ons in genade schenkt!","robots":{"index":"index","follow":"follow","max-snippet":"max-snippet:-1","max-image-preview":"max-image-preview:large","max-video-preview":"max-video-preview:-1"},"canonical":"https:\/\/da-ath.nl\/?p=206","og_locale":"nl_NL","og_type":"article","og_title":"Woord vandaag - Opdat wij weten, wat God ons in genade schenkt!","og_description":"&#8216;Net als Isra\u00ebl zijn ook wij uitgekozen, alleen wordt van ons\u00a0gezegd, dat het al van v\u00f3\u00f3r de nederwerping van de wereld was.&#8217; Dat is in Christus. In Efezi\u00ebrs 1:3,4 blijkt, dat wij alleen geestelijke zegen hebben ontvangen, in Christus. Ook staat erbij: te midden van de hemelingen. Onze roeping en toekomst is d\u00e1\u00e1r, boven, sa- [&hellip;]","og_url":"https:\/\/da-ath.nl\/?p=206","og_site_name":"Opdat wij weten, wat God ons in genade schenkt!","article_published_time":"2013-04-07T02:45:25+00:00","article_modified_time":"2013-04-09T20:54:52+00:00","author":"admin","twitter_card":"summary_large_image","twitter_misc":{"Geschreven door":"admin","Geschatte leestijd":"2 minuten"},"schema":{"@context":"https:\/\/schema.org","@graph":[{"@type":"WebPage","@id":"https:\/\/da-ath.nl\/?p=206","url":"https:\/\/da-ath.nl\/?p=206","name":"Woord vandaag - Opdat wij weten, wat God ons in genade schenkt!","isPartOf":{"@id":"https:\/\/da-ath.nl\/#website"},"datePublished":"2013-04-07T02:45:25+00:00","dateModified":"2013-04-09T20:54:52+00:00","author":{"@id":"https:\/\/da-ath.nl\/#\/schema\/person\/246d9b579fdb0273bbadaa588895e447"},"breadcrumb":{"@id":"https:\/\/da-ath.nl\/?p=206#breadcrumb"},"inLanguage":"nl-NL","potentialAction":[{"@type":"ReadAction","target":["https:\/\/da-ath.nl\/?p=206"]}]},{"@type":"BreadcrumbList","@id":"https:\/\/da-ath.nl\/?p=206#breadcrumb","itemListElement":[{"@type":"ListItem","position":1,"name":"Home","item":"https:\/\/da-ath.nl\/"},{"@type":"ListItem","position":2,"name":"Woord vandaag"}]},{"@type":"WebSite","@id":"https:\/\/da-ath.nl\/#website","url":"https:\/\/da-ath.nl\/","name":"Opdat wij weten, wat God ons in genade schenkt!","description":"Gods woord is leven","potentialAction":[{"@type":"SearchAction","target":{"@type":"EntryPoint","urlTemplate":"https:\/\/da-ath.nl\/?s={search_term_string}"},"query-input":{"@type":"PropertyValueSpecification","valueRequired":true,"valueName":"search_term_string"}}],"inLanguage":"nl-NL"},{"@type":"Person","@id":"https:\/\/da-ath.nl\/#\/schema\/person\/246d9b579fdb0273bbadaa588895e447","name":"admin","url":"https:\/\/da-ath.nl\/?author=1"}]}},"_links":{"self":[{"href":"https:\/\/da-ath.nl\/index.php?rest_route=\/wp\/v2\/posts\/206","targetHints":{"allow":["GET"]}}],"collection":[{"href":"https:\/\/da-ath.nl\/index.php?rest_route=\/wp\/v2\/posts"}],"about":[{"href":"https:\/\/da-ath.nl\/index.php?rest_route=\/wp\/v2\/types\/post"}],"author":[{"embeddable":true,"href":"https:\/\/da-ath.nl\/index.php?rest_route=\/wp\/v2\/users\/1"}],"replies":[{"embeddable":true,"href":"https:\/\/da-ath.nl\/index.php?rest_route=%2Fwp%2Fv2%2Fcomments&post=206"}],"version-history":[{"count":5,"href":"https:\/\/da-ath.nl\/index.php?rest_route=\/wp\/v2\/posts\/206\/revisions"}],"predecessor-version":[{"id":214,"href":"https:\/\/da-ath.nl\/index.php?rest_route=\/wp\/v2\/posts\/206\/revisions\/214"}],"wp:attachment":[{"href":"https:\/\/da-ath.nl\/index.php?rest_route=%2Fwp%2Fv2%2Fmedia&parent=206"}],"wp:term":[{"taxonomy":"category","embeddable":true,"href":"https:\/\/da-ath.nl\/index.php?rest_route=%2Fwp%2Fv2%2Fcategories&post=206"},{"taxonomy":"post_tag","embeddable":true,"href":"https:\/\/da-ath.nl\/index.php?rest_route=%2Fwp%2Fv2%2Ftags&post=206"}],"curies":[{"name":"wp","href":"https:\/\/api.w.org\/{rel}","templated":true}]}}