{"id":31987,"date":"2024-03-14T03:45:00","date_gmt":"2024-03-14T02:45:00","guid":{"rendered":"https:\/\/da-ath.nl\/?p=31987"},"modified":"2024-03-29T11:20:22","modified_gmt":"2024-03-29T10:20:22","slug":"woord-vandaag-5013","status":"publish","type":"post","link":"https:\/\/da-ath.nl\/?p=31987","title":{"rendered":"Woord vandaag"},"content":{"rendered":"\n<p class=\"has-text-color has-link-color wp-elements-5ada8c8b51f127fbebb041e173e7aab8\" style=\"color:#00a377\"><em>&#8230;Christus\u00a0Jezus,\u00a0Die\u00a0op het<br>punt\u00a0staat\u00a0te\u00a0richten\u00a0<br>de\u00a0levenden\u00a0en\u00a0de\u00a0doden<br>\u00a0\u00a0\u00a0\u00a0\u00a0 \u00a0\u00a0\u00a0\u00a0\u00a0\u00a0<\/em>2 Timothe\u00fcs 4:1<sup>b<\/sup><\/p>\n\n\n\n<p class=\"has-text-color has-link-color wp-elements-e8400a032e9316f9625c8c0de20c558d\" style=\"color:#0046a3\"><em>Opstanding<\/em> is fundamenteel<br>in Gods plan; zonder dat kon<br>Paulus niet zeggen: <em>de doden<\/em><br>in onze dagtekst. De Heer zal<br>ook <em>de doden<\/em> gaan richten,<br>en daartoe moeten zij eerst<br>opstaan.<br>Hymene\u00fcs, Filetus ontkenden<br>de toekomstige opstanding<br>zelfs. In Korinthe sprak men<br>n\u00f3g dwazer; zij loochenden<br>de opstanding helemaal<br>(1 Korinthe 15:12,13).<br>Om de opstanding van doden<br>en de verwachting van Isra\u00ebl<br>was Paulus gevangen gezet<br>(Handelingen 23:6; 24:21).<br>En in de toekomst voor Isra\u00ebl<br>zal, na de grote verdrukking,<br>75 dagen precies, weer een<br>opstanding zijn. Die van de<br>rechtvaardigen (Lukas 14:14;<br>Hand.24:15; Dani\u00ebl 12:12,13).<br>Ook in Openbaring 20:4-6 is<br>deze opstanding aan de orde.<br>De Heer <em>staat op het punt<br><\/em>de levenden en de doden te<br>richten, een feit. Wij leven<br>in de heerlijke verwachting<br>van Zijn aanwezigheid in de<br>lucht!<\/p>\n","protected":false},"excerpt":{"rendered":"<p>&#8230;Christus\u00a0Jezus,\u00a0Die\u00a0op hetpunt\u00a0staat\u00a0te\u00a0richten\u00a0de\u00a0levenden\u00a0en\u00a0de\u00a0doden\u00a0\u00a0\u00a0\u00a0\u00a0 \u00a0\u00a0\u00a0\u00a0\u00a0\u00a02 Timothe\u00fcs 4:1b Opstanding is fundamenteelin Gods plan; zonder dat konPaulus niet zeggen: de dodenin onze dagtekst. De Heer zalook de doden gaan richten,en daartoe moeten zij eerstopstaan.Hymene\u00fcs, Filetus ontkendende toekomstige opstandingzelfs. In Korinthe sprak menn\u00f3g dwazer; zij loochendende opstanding helemaal(1 Korinthe 15:12,13).Om de opstanding van dodenen de verwachting van Isra\u00eblwas Paulus gevangen [&hellip;]<\/p>\n","protected":false},"author":1,"featured_media":0,"comment_status":"closed","ping_status":"closed","sticky":false,"template":"","format":"standard","meta":{"footnotes":""},"categories":[9],"tags":[],"class_list":["post-31987","post","type-post","status-publish","format-standard","hentry","category-woord-vandaag"],"yoast_head":"<!-- This site is optimized with the Yoast SEO plugin v26.3 - https:\/\/yoast.com\/wordpress\/plugins\/seo\/ -->\n<title>Woord vandaag - Opdat wij weten, wat God ons in genade schenkt!<\/title>\n<meta name=\"robots\" content=\"index, follow, max-snippet:-1, max-image-preview:large, max-video-preview:-1\" \/>\n<link rel=\"canonical\" href=\"https:\/\/da-ath.nl\/?p=31987\" \/>\n<meta property=\"og:locale\" content=\"nl_NL\" \/>\n<meta property=\"og:type\" content=\"article\" \/>\n<meta property=\"og:title\" content=\"Woord vandaag - Opdat wij weten, wat God ons in genade schenkt!\" \/>\n<meta property=\"og:description\" content=\"&#8230;Christus\u00a0Jezus,\u00a0Die\u00a0op hetpunt\u00a0staat\u00a0te\u00a0richten\u00a0de\u00a0levenden\u00a0en\u00a0de\u00a0doden\u00a0\u00a0\u00a0\u00a0\u00a0 \u00a0\u00a0\u00a0\u00a0\u00a0\u00a02 Timothe\u00fcs 4:1b Opstanding is fundamenteelin Gods plan; zonder dat konPaulus niet zeggen: de dodenin onze dagtekst. De Heer zalook de doden gaan richten,en daartoe moeten zij eerstopstaan.Hymene\u00fcs, Filetus ontkendende toekomstige opstandingzelfs. In Korinthe sprak menn\u00f3g dwazer; zij loochendende opstanding helemaal(1 Korinthe 15:12,13).Om de opstanding van dodenen de verwachting van Isra\u00eblwas Paulus gevangen [&hellip;]\" \/>\n<meta property=\"og:url\" content=\"https:\/\/da-ath.nl\/?p=31987\" \/>\n<meta property=\"og:site_name\" content=\"Opdat wij weten, wat God ons in genade schenkt!\" \/>\n<meta property=\"article:published_time\" content=\"2024-03-14T02:45:00+00:00\" \/>\n<meta property=\"article:modified_time\" content=\"2024-03-29T10:20:22+00:00\" \/>\n<meta name=\"author\" content=\"admin\" \/>\n<meta name=\"twitter:card\" content=\"summary_large_image\" \/>\n<meta name=\"twitter:label1\" content=\"Geschreven door\" \/>\n\t<meta name=\"twitter:data1\" content=\"admin\" \/>\n\t<meta name=\"twitter:label2\" content=\"Geschatte leestijd\" \/>\n\t<meta name=\"twitter:data2\" content=\"1 minuut\" \/>\n<script type=\"application\/ld+json\" class=\"yoast-schema-graph\">{\"@context\":\"https:\/\/schema.org\",\"@graph\":[{\"@type\":\"WebPage\",\"@id\":\"https:\/\/da-ath.nl\/?p=31987\",\"url\":\"https:\/\/da-ath.nl\/?p=31987\",\"name\":\"Woord vandaag - Opdat wij weten, wat God ons in genade schenkt!\",\"isPartOf\":{\"@id\":\"https:\/\/da-ath.nl\/#website\"},\"datePublished\":\"2024-03-14T02:45:00+00:00\",\"dateModified\":\"2024-03-29T10:20:22+00:00\",\"author\":{\"@id\":\"https:\/\/da-ath.nl\/#\/schema\/person\/246d9b579fdb0273bbadaa588895e447\"},\"breadcrumb\":{\"@id\":\"https:\/\/da-ath.nl\/?p=31987#breadcrumb\"},\"inLanguage\":\"nl-NL\",\"potentialAction\":[{\"@type\":\"ReadAction\",\"target\":[\"https:\/\/da-ath.nl\/?p=31987\"]}]},{\"@type\":\"BreadcrumbList\",\"@id\":\"https:\/\/da-ath.nl\/?p=31987#breadcrumb\",\"itemListElement\":[{\"@type\":\"ListItem\",\"position\":1,\"name\":\"Home\",\"item\":\"https:\/\/da-ath.nl\/\"},{\"@type\":\"ListItem\",\"position\":2,\"name\":\"Woord vandaag\"}]},{\"@type\":\"WebSite\",\"@id\":\"https:\/\/da-ath.nl\/#website\",\"url\":\"https:\/\/da-ath.nl\/\",\"name\":\"Opdat wij weten, wat God ons in genade schenkt!\",\"description\":\"Gods woord is leven\",\"potentialAction\":[{\"@type\":\"SearchAction\",\"target\":{\"@type\":\"EntryPoint\",\"urlTemplate\":\"https:\/\/da-ath.nl\/?s={search_term_string}\"},\"query-input\":{\"@type\":\"PropertyValueSpecification\",\"valueRequired\":true,\"valueName\":\"search_term_string\"}}],\"inLanguage\":\"nl-NL\"},{\"@type\":\"Person\",\"@id\":\"https:\/\/da-ath.nl\/#\/schema\/person\/246d9b579fdb0273bbadaa588895e447\",\"name\":\"admin\",\"url\":\"https:\/\/da-ath.nl\/?author=1\"}]}<\/script>\n<!-- \/ Yoast SEO plugin. -->","yoast_head_json":{"title":"Woord vandaag - Opdat wij weten, wat God ons in genade schenkt!","robots":{"index":"index","follow":"follow","max-snippet":"max-snippet:-1","max-image-preview":"max-image-preview:large","max-video-preview":"max-video-preview:-1"},"canonical":"https:\/\/da-ath.nl\/?p=31987","og_locale":"nl_NL","og_type":"article","og_title":"Woord vandaag - Opdat wij weten, wat God ons in genade schenkt!","og_description":"&#8230;Christus\u00a0Jezus,\u00a0Die\u00a0op hetpunt\u00a0staat\u00a0te\u00a0richten\u00a0de\u00a0levenden\u00a0en\u00a0de\u00a0doden\u00a0\u00a0\u00a0\u00a0\u00a0 \u00a0\u00a0\u00a0\u00a0\u00a0\u00a02 Timothe\u00fcs 4:1b Opstanding is fundamenteelin Gods plan; zonder dat konPaulus niet zeggen: de dodenin onze dagtekst. De Heer zalook de doden gaan richten,en daartoe moeten zij eerstopstaan.Hymene\u00fcs, Filetus ontkendende toekomstige opstandingzelfs. In Korinthe sprak menn\u00f3g dwazer; zij loochendende opstanding helemaal(1 Korinthe 15:12,13).Om de opstanding van dodenen de verwachting van Isra\u00eblwas Paulus gevangen [&hellip;]","og_url":"https:\/\/da-ath.nl\/?p=31987","og_site_name":"Opdat wij weten, wat God ons in genade schenkt!","article_published_time":"2024-03-14T02:45:00+00:00","article_modified_time":"2024-03-29T10:20:22+00:00","author":"admin","twitter_card":"summary_large_image","twitter_misc":{"Geschreven door":"admin","Geschatte leestijd":"1 minuut"},"schema":{"@context":"https:\/\/schema.org","@graph":[{"@type":"WebPage","@id":"https:\/\/da-ath.nl\/?p=31987","url":"https:\/\/da-ath.nl\/?p=31987","name":"Woord vandaag - Opdat wij weten, wat God ons in genade schenkt!","isPartOf":{"@id":"https:\/\/da-ath.nl\/#website"},"datePublished":"2024-03-14T02:45:00+00:00","dateModified":"2024-03-29T10:20:22+00:00","author":{"@id":"https:\/\/da-ath.nl\/#\/schema\/person\/246d9b579fdb0273bbadaa588895e447"},"breadcrumb":{"@id":"https:\/\/da-ath.nl\/?p=31987#breadcrumb"},"inLanguage":"nl-NL","potentialAction":[{"@type":"ReadAction","target":["https:\/\/da-ath.nl\/?p=31987"]}]},{"@type":"BreadcrumbList","@id":"https:\/\/da-ath.nl\/?p=31987#breadcrumb","itemListElement":[{"@type":"ListItem","position":1,"name":"Home","item":"https:\/\/da-ath.nl\/"},{"@type":"ListItem","position":2,"name":"Woord vandaag"}]},{"@type":"WebSite","@id":"https:\/\/da-ath.nl\/#website","url":"https:\/\/da-ath.nl\/","name":"Opdat wij weten, wat God ons in genade schenkt!","description":"Gods woord is leven","potentialAction":[{"@type":"SearchAction","target":{"@type":"EntryPoint","urlTemplate":"https:\/\/da-ath.nl\/?s={search_term_string}"},"query-input":{"@type":"PropertyValueSpecification","valueRequired":true,"valueName":"search_term_string"}}],"inLanguage":"nl-NL"},{"@type":"Person","@id":"https:\/\/da-ath.nl\/#\/schema\/person\/246d9b579fdb0273bbadaa588895e447","name":"admin","url":"https:\/\/da-ath.nl\/?author=1"}]}},"_links":{"self":[{"href":"https:\/\/da-ath.nl\/index.php?rest_route=\/wp\/v2\/posts\/31987","targetHints":{"allow":["GET"]}}],"collection":[{"href":"https:\/\/da-ath.nl\/index.php?rest_route=\/wp\/v2\/posts"}],"about":[{"href":"https:\/\/da-ath.nl\/index.php?rest_route=\/wp\/v2\/types\/post"}],"author":[{"embeddable":true,"href":"https:\/\/da-ath.nl\/index.php?rest_route=\/wp\/v2\/users\/1"}],"replies":[{"embeddable":true,"href":"https:\/\/da-ath.nl\/index.php?rest_route=%2Fwp%2Fv2%2Fcomments&post=31987"}],"version-history":[{"count":3,"href":"https:\/\/da-ath.nl\/index.php?rest_route=\/wp\/v2\/posts\/31987\/revisions"}],"predecessor-version":[{"id":32009,"href":"https:\/\/da-ath.nl\/index.php?rest_route=\/wp\/v2\/posts\/31987\/revisions\/32009"}],"wp:attachment":[{"href":"https:\/\/da-ath.nl\/index.php?rest_route=%2Fwp%2Fv2%2Fmedia&parent=31987"}],"wp:term":[{"taxonomy":"category","embeddable":true,"href":"https:\/\/da-ath.nl\/index.php?rest_route=%2Fwp%2Fv2%2Fcategories&post=31987"},{"taxonomy":"post_tag","embeddable":true,"href":"https:\/\/da-ath.nl\/index.php?rest_route=%2Fwp%2Fv2%2Ftags&post=31987"}],"curies":[{"name":"wp","href":"https:\/\/api.w.org\/{rel}","templated":true}]}}